{"id":345,"date":"2020-07-06T15:05:35","date_gmt":"2020-07-06T15:05:35","guid":{"rendered":"http:\/\/associacaomaceira.pt\/?p=345"},"modified":"2020-07-06T15:05:35","modified_gmt":"2020-07-06T15:05:35","slug":"anuncio-recrutamento","status":"publish","type":"post","link":"https:\/\/associacaomaceira.pt\/index.php\/2020\/07\/06\/anuncio-recrutamento\/","title":{"rendered":"AN\u00daNCIO RECRUTAMENTO"},"content":{"rendered":"<div class=\"kvgmc6g5 cxmmr5t8 oygrvhab hcukyx3x c1et5uql ii04i59q\">\n<div dir=\"auto\">A Associa\u00e7\u00e3o de P.S.R.D.H. de Maceira, I.P.S.S., encontra-se a recrutar trabalhador, preferencialmente, na \u00e1rea de Servi\u00e7o Social, para assegurar, a fun\u00e7\u00f5es de Dire\u00e7\u00e3o T\u00e9cnica das suas respostas sociais, mais concretamente para:<\/div>\n<div dir=\"auto\">&#8211; Dirigir as respostas sociais da institui\u00e7\u00e3o (ERPI, CD, SAD, c\/ total de 46 clientes);<\/div>\n<div dir=\"auto\">&#8211; Coordenar, supervisionar e promover reuni\u00f5es t\u00e9cnicas com o pessoal;<\/div>\n<div dir=\"auto\">&#8211; Planificar e coordenar as atividades, sociais, culturais e ocupacionais dos idosos;<\/div>\n<div dir=\"auto\">&#8211; Fazer o acolhimento do cliente e manter organizado o processo individual;<\/div>\n<div dir=\"auto\">&#8211; Estabelecer e implementar o modelo de gest\u00e3o t\u00e9cnica e de qualidade adequada ao bom funcionamento das Respostas Sociais da institui\u00e7\u00e3o.<\/div>\n<div dir=\"auto\">Ser\u00e3o ainda admitidas candidaturas, para as fun\u00e7\u00f5es pretendidas, de outras \u00e1reas profissionais, nomeadamente, Sociologia e Psicologia.<\/div>\n<\/div>\n<div class=\"o9v6fnle cxmmr5t8 oygrvhab hcukyx3x c1et5uql ii04i59q\">\n<div dir=\"auto\">REQUISITOS:<\/div>\n<div dir=\"auto\">&#8211; Licenciatura;<\/div>\n<div dir=\"auto\">&#8211; Experi\u00eancia profissional comprovada para o exerc\u00edcio das fun\u00e7\u00f5es de gest\u00e3o\/dire\u00e7\u00e3o t\u00e9cnica;<\/div>\n<div dir=\"auto\">&#8211; Boa capacidade de lideran\u00e7a e gest\u00e3o de equipas;<\/div>\n<div dir=\"auto\">&#8211; Boa capacidade de relacionamento interpessoal;<\/div>\n<div dir=\"auto\">&#8211; Disponibilidade total e imediata;<\/div>\n<\/div>\n<div class=\"o9v6fnle cxmmr5t8 oygrvhab hcukyx3x c1et5uql ii04i59q\">\n<div dir=\"auto\">FATOR DE DISCRIMINA\u00c7\u00c3O POSITIVA:<\/div>\n<div dir=\"auto\">Considerando a disponibilidade para o exerc\u00edcio destas fun\u00e7\u00f5es, ser\u00e1 dada prefer\u00eancia a candidatos\/as que tenham, na presente data, resid\u00eancia no concelho de Fornos de Algodres ou concelhos lim\u00edtrofes.<\/div>\n<\/div>\n<div class=\"o9v6fnle cxmmr5t8 oygrvhab hcukyx3x c1et5uql ii04i59q\">\n<div dir=\"auto\">OFERECEMOS:<\/div>\n<div dir=\"auto\">&#8211; Contrato sem termo a tempo inteiro;<\/div>\n<div dir=\"auto\">&#8211; Retribui\u00e7\u00e3o de acordo com a experi\u00eancia demonstrada pelo candidato;<\/div>\n<div dir=\"auto\">&#8211; Uma boa oportunidade para desenvolvimento profissional.<\/div>\n<\/div>\n<div class=\"o9v6fnle cxmmr5t8 oygrvhab hcukyx3x c1et5uql ii04i59q\">\n<div dir=\"auto\">CANDIDATURAS:<\/div>\n<div dir=\"auto\">Todas as candidaturas dever\u00e3o ser remetidas at\u00e9 dia 10 de julho de 2020, \u00e0s 16 horas, para o endere\u00e7o de email:<\/div>\n<div dir=\"auto\">presidentedirecao@associacaomaceira.pt, acompanhadas de C.V., certificado de habilita\u00e7\u00f5es, comprovativo da habilita\u00e7\u00e3o acad\u00e9mica exigida, e outros documentos comprovativos do cumprimento dos requisitos.<\/div>\n<div dir=\"auto\">Apenas ser\u00e3o contactados para entrevista de avalia\u00e7\u00e3o de compet\u00eancias, os candidatos cuja avalia\u00e7\u00e3o curricular demonstre o preenchimento dos requisitos m\u00ednimos obrigat\u00f3rios e, preferenciais, necess\u00e1rios para a fun\u00e7\u00e3o.<\/div>\n<div dir=\"auto\">O candidato(a) tem conhecimento que o tratamento dos seus dados pessoais ser\u00e1 feito com base no disposto na al\u00ednea b) do art. 6.\u00ba, n.\u00ba 1 do RGPD, limitado \u00e0 finalidade inerente \u00e0 sele\u00e7\u00e3o e recrutamento de trabalhador.<\/div>\n<div dir=\"auto\">A Associa\u00e7\u00e3o assegura o respeito por todos os deveres de tratamento de dados descorrentes do RGPD e da Lei de Execu\u00e7\u00e3o Nacional. Poder\u00e1, querendo, consultar a nossa politica de privacidade solicitando-a atrav\u00e9s do seguinte e-mail: dep.administrativofinanceiro@associacaomaceira.pt.<\/div>\n<\/div>\n","protected":false},"excerpt":{"rendered":"<p>A Associa\u00e7\u00e3o de P.S.R.D.H. de Maceira, I.P.S.S., encontra-se a recrutar trabalhador, preferencialmente, na \u00e1rea de Servi\u00e7o Social, para assegurar, a fun\u00e7\u00f5es de Dire\u00e7\u00e3o T\u00e9cnica das suas respostas sociais, mais concretamente para: &#8211;<a class=\"moretag\" href=\"https:\/\/associacaomaceira.pt\/index.php\/2020\/07\/06\/anuncio-recrutamento\/\">Read More&#8230;<\/a><\/p>\n","protected":false},"author":1,"featured_media":0,"comment_status":"open","ping_status":"open","sticky":false,"template":"","format":"standard","meta":[],"categories":[1],"tags":[],"_links":{"self":[{"href":"https:\/\/associacaomaceira.pt\/index.php\/wp-json\/wp\/v2\/posts\/345"}],"collection":[{"href":"https:\/\/associacaomaceira.pt\/index.php\/wp-json\/wp\/v2\/posts"}],"about":[{"href":"https:\/\/associacaomaceira.pt\/index.php\/wp-json\/wp\/v2\/types\/post"}],"author":[{"embeddable":true,"href":"https:\/\/associacaomaceira.pt\/index.php\/wp-json\/wp\/v2\/users\/1"}],"replies":[{"embeddable":true,"href":"https:\/\/associacaomaceira.pt\/index.php\/wp-json\/wp\/v2\/comments?post=345"}],"version-history":[{"count":2,"href":"https:\/\/associacaomaceira.pt\/index.php\/wp-json\/wp\/v2\/posts\/345\/revisions"}],"predecessor-version":[{"id":354,"href":"https:\/\/associacaomaceira.pt\/index.php\/wp-json\/wp\/v2\/posts\/345\/revisions\/354"}],"wp:attachment":[{"href":"https:\/\/associacaomaceira.pt\/index.php\/wp-json\/wp\/v2\/media?parent=345"}],"wp:term":[{"taxonomy":"category","embeddable":true,"href":"https:\/\/associacaomaceira.pt\/index.php\/wp-json\/wp\/v2\/categories?post=345"},{"taxonomy":"post_tag","embeddable":true,"href":"https:\/\/associacaomaceira.pt\/index.php\/wp-json\/wp\/v2\/tags?post=345"}],"curies":[{"name":"wp","href":"https:\/\/api.w.org\/{rel}","templated":true}]}}