{"id":397,"date":"2020-09-25T12:09:34","date_gmt":"2020-09-25T12:09:34","guid":{"rendered":"http:\/\/associacaomaceira.pt\/?p=397"},"modified":"2020-09-25T12:09:36","modified_gmt":"2020-09-25T12:09:36","slug":"maceira-embaixadores-daldeia","status":"publish","type":"post","link":"https:\/\/associacaomaceira.pt\/index.php\/2020\/09\/25\/maceira-embaixadores-daldeia\/","title":{"rendered":"Maceira &#8211; Embaixadores D&#8217;Aldeia"},"content":{"rendered":"\n<p style=\"font-size:11px\" class=\"has-text-align-right\">Fotografia: Ant\u00f3nio Reis<\/p>\n\n\n\n<p>A Associa\u00e7\u00e3o de Promo\u00e7\u00e3o Social, Recreativa, Desportiva e Humanit\u00e1ria de Maceira deu in\u00edcio, a 10 de Setembro de 2020, ao projeto <strong><em>\u201cMaceira \u2013 Embaixadores D\u2019Aldeia\u201d. <\/em><\/strong>Este projeto conta com a participa\u00e7\u00e3o da C\u00e2mara Municipal de Fornos de Algodres e da Junta de Freguesia de Maceira, como seus principais investidores sociais.<\/p>\n\n\n\n<p>\u201cMaceira \u2013 Embaixadores D\u2019Aldeia\u201d \u00e9 uma iniciativa de empreendedorismo social, a tr\u00eas anos, que pretende envolver toda a comunidade da aldeia de Maceira, combater o despovoamento que se faz sentir nestes territ\u00f3rios, atrav\u00e9s de atividades colaborativas de promo\u00e7\u00e3o do patrim\u00f3nio, da cultura e da natureza, orientadas para o desenvolvimento tur\u00edstico da aldeia. Trata-se de integrar a oferta tur\u00edstica com a realidade patrimonial da aldeia em particular e da regi\u00e3o no geral, atrav\u00e9s da oferta de experi\u00eancias baseadas na observa\u00e7\u00e3o do patrim\u00f3nio hist\u00f3rico constru\u00eddo, na intera\u00e7\u00e3o com o patrim\u00f3nio natural e cultural e com a produ\u00e7\u00e3o end\u00f3gena, tendo como principais atores as pessoas da aldeia &#8211; os \u201cEmbaixadores da Aldeia\u201d.<\/p>\n\n\n\n<p>O projeto n\u00e3o s\u00f3 permitir\u00e1 a cria\u00e7\u00e3o de ferramentas coletivas de promo\u00e7\u00e3o tur\u00edstica como ajudar\u00e1 a promover o envelhecimento ativo, a participa\u00e7\u00e3o coletiva e c\u00edvica, e a valoriza\u00e7\u00e3o dos recursos end\u00f3genos, assentando em 3 pilares fundamentais:<\/p>\n\n\n\n<ul><li>o desenvolvimento de um programa de capacita\u00e7\u00e3o de guias comunit\u00e1rios;<\/li><li>a defini\u00e7\u00e3o e gest\u00e3o dos percursos de promo\u00e7\u00e3o tur\u00edstica atrav\u00e9s de din\u00e2micas de participa\u00e7\u00e3o ativa da comunidade;<\/li><li>a inclus\u00e3o digital como forma de comunica\u00e7\u00e3o e marketing tur\u00edstico inclusivo.<\/li><\/ul>\n\n\n\n<p>O que se oferece \u00e9 um conceito de turismo comunit\u00e1rio de aldeia acess\u00edvel e inclusiva, que, articulado com as iniciativas e viv\u00eancias da comunidade residente, procurar\u00e1 criar condi\u00e7\u00f5es para um futuro sustent\u00e1vel do ponto de vista econ\u00f3mico, social, ambiental e patrimonial.<\/p>\n","protected":false},"excerpt":{"rendered":"<p>Fotografia: Ant\u00f3nio Reis A Associa\u00e7\u00e3o de Promo\u00e7\u00e3o Social, Recreativa, Desportiva e Humanit\u00e1ria de Maceira deu in\u00edcio, a 10 de Setembro de 2020, ao projeto \u201cMaceira \u2013 Embaixadores D\u2019Aldeia\u201d. Este projeto conta com<a class=\"moretag\" href=\"https:\/\/associacaomaceira.pt\/index.php\/2020\/09\/25\/maceira-embaixadores-daldeia\/\">Read More&#8230;<\/a><\/p>\n","protected":false},"author":1,"featured_media":383,"comment_status":"open","ping_status":"open","sticky":false,"template":"","format":"standard","meta":[],"categories":[1],"tags":[],"_links":{"self":[{"href":"https:\/\/associacaomaceira.pt\/index.php\/wp-json\/wp\/v2\/posts\/397"}],"collection":[{"href":"https:\/\/associacaomaceira.pt\/index.php\/wp-json\/wp\/v2\/posts"}],"about":[{"href":"https:\/\/associacaomaceira.pt\/index.php\/wp-json\/wp\/v2\/types\/post"}],"author":[{"embeddable":true,"href":"https:\/\/associacaomaceira.pt\/index.php\/wp-json\/wp\/v2\/users\/1"}],"replies":[{"embeddable":true,"href":"https:\/\/associacaomaceira.pt\/index.php\/wp-json\/wp\/v2\/comments?post=397"}],"version-history":[{"count":1,"href":"https:\/\/associacaomaceira.pt\/index.php\/wp-json\/wp\/v2\/posts\/397\/revisions"}],"predecessor-version":[{"id":398,"href":"https:\/\/associacaomaceira.pt\/index.php\/wp-json\/wp\/v2\/posts\/397\/revisions\/398"}],"wp:featuredmedia":[{"embeddable":true,"href":"https:\/\/associacaomaceira.pt\/index.php\/wp-json\/wp\/v2\/media\/383"}],"wp:attachment":[{"href":"https:\/\/associacaomaceira.pt\/index.php\/wp-json\/wp\/v2\/media?parent=397"}],"wp:term":[{"taxonomy":"category","embeddable":true,"href":"https:\/\/associacaomaceira.pt\/index.php\/wp-json\/wp\/v2\/categories?post=397"},{"taxonomy":"post_tag","embeddable":true,"href":"https:\/\/associacaomaceira.pt\/index.php\/wp-json\/wp\/v2\/tags?post=397"}],"curies":[{"name":"wp","href":"https:\/\/api.w.org\/{rel}","templated":true}]}}