{"id":443,"date":"2022-01-03T13:21:00","date_gmt":"2022-01-03T13:21:00","guid":{"rendered":"http:\/\/associacaomaceira.pt\/?p=443"},"modified":"2022-02-03T13:21:32","modified_gmt":"2022-02-03T13:21:32","slug":"estagio-tecnicoa-de-turismo","status":"publish","type":"post","link":"https:\/\/associacaomaceira.pt\/index.php\/2022\/01\/03\/estagio-tecnicoa-de-turismo\/","title":{"rendered":"RECRUTAMENTO TRABALHADOR ANIMADOR TUR\u00cdSTICO\/ANIMADOR SOCIOCULTURAL"},"content":{"rendered":"\n<p>A Associa\u00e7\u00e3o de Maceira est\u00e1 a recrutar trabalhador\/a, com licenciatura na \u00e1rea do turismo ou anima\u00e7\u00e3o sociocultural, que seja eleg\u00edvel para enquadrar \u201cEst\u00e1gios Profissionais\u201d no \u00e2mbito do IEFP.<\/p>\n\n\n\n<p><strong>As fun\u00e7\u00f5es a desempenhar:<\/strong><\/p>\n\n\n\n<ul><li>Integrar a equipa do projeto \u201cMaceira \u2013 Embaixadores d\u2019 Aldeia\u201d e ajudar a implementar uma metodologia que defende o envolvimento da comunidade na prote\u00e7\u00e3o, reapropria\u00e7\u00e3o e recria\u00e7\u00e3o do seu legado patrimonial, promovendo e valorizando a sua identidade e mem\u00f3ria coletiva.<\/li><li>Ajudar a elaborar, executar e avaliar um Plano de Interven\u00e7\u00e3o que priorize o conhecimento profundo do patrim\u00f3nio da aldeia e das suas gentes, e promova o conv\u00edvio e a intera\u00e7\u00e3o social possibilitando o interc\u00e2mbio cultural, social e educativo, numa abordagem que respeita e valoriza os que est\u00e3o diretamente implicados neste processo: os habitantes da aldeia de Maceira<\/li><li>Ajudar a valorizar e promover a aldeia e os recursos end\u00f3genos e o desenvolvimento sustent\u00e1vel do ponto de vista econ\u00f3mico, social, ambiental e patrimonial<\/li><li>Ajudar a promover a atividade tur\u00edstica e um conceito de turismo comunit\u00e1rio de aldeia acess\u00edvel e inclusiva<\/li><\/ul>\n\n\n\n<p><strong>Dura\u00e7\u00e3o:<\/strong><br>O est\u00e1gio est\u00e1 previsto iniciar em fevereiro de 2022 e ter\u00e1 uma dura\u00e7\u00e3o de 9 meses.<\/p>\n\n\n\n<p><strong>Remunera\u00e7\u00e3o<\/strong> de acordo com o n\u00edvel de habilita\u00e7\u00f5es.<\/p>\n\n\n\n<p><strong>Candidaturas:<\/strong><br>Todos os interessados dever\u00e3o enviar CV para <a href=\"mailto:geral@associacaomaceira.pt\">dep.administrativofinanceiro@associacaomaceira.pt<\/a> at\u00e9 11 de fevereiro de 2022, acompanhadas de C.V., certificado de habilita\u00e7\u00f5es, comprovativo da habilita\u00e7\u00e3o acad\u00e9mica exigida, e outros documentos comprovativos do cumprimento dos requisitos.<br>Apenas ser\u00e3o contactados para entrevista de avalia\u00e7\u00e3o de compet\u00eancias, os candidatos cuja avalia\u00e7\u00e3o curricular demonstre o preenchimento dos requisitos m\u00ednimos obrigat\u00f3rios e, preferenciais, necess\u00e1rios para a fun\u00e7\u00e3o.<br>O candidato(a) tem conhecimento que o tratamento dos seus dados pessoais ser\u00e1 feito com base no disposto na al\u00ednea b) do art. 6.\u00ba, n.\u00ba 1 do RGPD, limitado \u00e0 finalidade inerente \u00e0 sele\u00e7\u00e3o e recrutamento de trabalhador. A Associa\u00e7\u00e3o assegura o respeito por todos os deveres de tratamento de dados descorrentes do RGPD e da Lei de Execu\u00e7\u00e3o Nacional. Poder\u00e1, querendo, consultar a nossa politica de privacidade solicitando-a atrav\u00e9s do seguinte e-mail: dep.administrativofinanceiro@associacaomaceira.pt .<\/p>\n","protected":false},"excerpt":{"rendered":"<p>A Associa\u00e7\u00e3o de Maceira est\u00e1 a recrutar trabalhador\/a, com licenciatura na \u00e1rea do turismo ou anima\u00e7\u00e3o sociocultural, que seja eleg\u00edvel para enquadrar \u201cEst\u00e1gios Profissionais\u201d no \u00e2mbito do IEFP. As fun\u00e7\u00f5es a desempenhar:<a class=\"moretag\" href=\"https:\/\/associacaomaceira.pt\/index.php\/2022\/01\/03\/estagio-tecnicoa-de-turismo\/\">Read More&#8230;<\/a><\/p>\n","protected":false},"author":1,"featured_media":445,"comment_status":"closed","ping_status":"closed","sticky":true,"template":"","format":"standard","meta":[],"categories":[4],"tags":[],"_links":{"self":[{"href":"https:\/\/associacaomaceira.pt\/index.php\/wp-json\/wp\/v2\/posts\/443"}],"collection":[{"href":"https:\/\/associacaomaceira.pt\/index.php\/wp-json\/wp\/v2\/posts"}],"about":[{"href":"https:\/\/associacaomaceira.pt\/index.php\/wp-json\/wp\/v2\/types\/post"}],"author":[{"embeddable":true,"href":"https:\/\/associacaomaceira.pt\/index.php\/wp-json\/wp\/v2\/users\/1"}],"replies":[{"embeddable":true,"href":"https:\/\/associacaomaceira.pt\/index.php\/wp-json\/wp\/v2\/comments?post=443"}],"version-history":[{"count":10,"href":"https:\/\/associacaomaceira.pt\/index.php\/wp-json\/wp\/v2\/posts\/443\/revisions"}],"predecessor-version":[{"id":504,"href":"https:\/\/associacaomaceira.pt\/index.php\/wp-json\/wp\/v2\/posts\/443\/revisions\/504"}],"wp:featuredmedia":[{"embeddable":true,"href":"https:\/\/associacaomaceira.pt\/index.php\/wp-json\/wp\/v2\/media\/445"}],"wp:attachment":[{"href":"https:\/\/associacaomaceira.pt\/index.php\/wp-json\/wp\/v2\/media?parent=443"}],"wp:term":[{"taxonomy":"category","embeddable":true,"href":"https:\/\/associacaomaceira.pt\/index.php\/wp-json\/wp\/v2\/categories?post=443"},{"taxonomy":"post_tag","embeddable":true,"href":"https:\/\/associacaomaceira.pt\/index.php\/wp-json\/wp\/v2\/tags?post=443"}],"curies":[{"name":"wp","href":"https:\/\/api.w.org\/{rel}","templated":true}]}}