{"id":523,"date":"2022-04-18T13:07:01","date_gmt":"2022-04-18T13:07:01","guid":{"rendered":"http:\/\/associacaomaceira.pt\/?p=523"},"modified":"2022-04-18T14:07:56","modified_gmt":"2022-04-18T14:07:56","slug":"anuncio-recrutamento-escriturario-a","status":"publish","type":"post","link":"https:\/\/associacaomaceira.pt\/index.php\/2022\/04\/18\/anuncio-recrutamento-escriturario-a\/","title":{"rendered":"An\u00fancio Recrutamento &#8211; Escritur\u00e1rio\/a"},"content":{"rendered":"\n<p>A Associa\u00e7\u00e3o de P.S.R.D.H. de Maceira, I.P.S.S., encontra-se a recrutar trabalhador, na \u00e1rea administrativa, para assegurar a fun\u00e7\u00e3o de Escritur\u00e1rio, com o intuito de desenvolver as seguintes tarefas:<\/p>\n\n\n\n<ul><li>Examinar o correio recebido, separa-o, classifica-o e compila os dados que s\u00e3o necess\u00e1rios para preparar as respostas;<\/li><li>Elaborar, ordenar e preparar os documentos relativos \u00e0s encomendas, distribui\u00e7\u00e3o, fatura\u00e7\u00e3o e realiza\u00e7\u00e3o das compras e vendas;<\/li><li>Receber pedidos de informa\u00e7\u00e3o e transmiti-los \u00e0 pessoa ou servi\u00e7os competentes;<\/li><li>P\u00f4r em caixa os pagamentos de contas e entregas recebidos;<\/li><li>Escrever em livros as receitas e despesas, assim como outras opera\u00e7\u00f5es contabil\u00edsticas;<\/li><li>Estabelecer o extrato das opera\u00e7\u00f5es efetuadas e de outros documentos para informa\u00e7\u00e3o superior;<\/li><li>Preencher formul\u00e1rios oficiais relativos ao pessoal ou \u00e0 institui\u00e7\u00e3o;<\/li><li>Ordenar e arquivar notas de livran\u00e7a, recibos, cartas ou outros documentos e elabora dados estat\u00edsticos;<\/li><li>Trabalhar com os programas inform\u00e1ticos de fatura\u00e7\u00e3o, gest\u00e3o de sal\u00e1rios, contabilidade e associados;<\/li><li>Preparar e organizar processos;<\/li><li>Prestar informa\u00e7\u00f5es e outros esclarecimentos aos utentes e ao p\u00fablico em geral.<\/li><\/ul>\n\n\n\n<p><\/p>\n\n\n\n<p><strong>REQUISITOS:<\/strong><\/p>\n\n\n\n<ul><li>12\u00ba ano de escolaridade ou habilita\u00e7\u00f5es equivalentes;<\/li><li>Experi\u00eancia profissional comprovada para o exerc\u00edcio das fun\u00e7\u00f5es;<\/li><li>Boa capacidade para trabalhar em equipa;<\/li><li>Boa capacidade de relacionamento interpessoal;<\/li><li>Estar inscrito no Centro de Emprego;<\/li><li>Disponibilidade para iniciar fun\u00e7\u00f5es em Maio de 2022.<\/li><\/ul>\n\n\n\n<p><br><strong>FATOR DE DISCRIMINA\u00c7\u00c3O POSITIVA<\/strong>:<\/p>\n\n\n\n<p>Considerando a disponibilidade para o exerc\u00edcio destas fun\u00e7\u00f5es, ser\u00e1 dada prefer\u00eancia a candidatos\/as que tenham, na presente data, resid\u00eancia no concelho de Fornos de Algodres ou concelhos lim\u00edtrofes.<\/p>\n\n\n\n<p><br><strong>OFERECEMOS:<\/strong><\/p>\n\n\n\n<ul><li>Contrato sem termo;<\/li><li>Retribui\u00e7\u00e3o de acordo com a tabela salarial em vigor;<\/li><li>Uma boa oportunidade para desenvolvimento profissional.<\/li><\/ul>\n\n\n\n<p><br><strong>CANDIDATURAS:<\/strong><\/p>\n\n\n\n<p>Todas as candidaturas dever\u00e3o ser remetidas at\u00e9 dia 29 de abril de 2022 \u00e0s 16 horas, para o endere\u00e7o de email:&nbsp;<a href=\"mailto:direcaotecnica@associacaomaceira.pt\">direcaotecnica@associacaomaceira.pt<\/a> &nbsp;acompanhadas de C.V., certificado de habilita\u00e7\u00f5es, comprovativo da habilita\u00e7\u00e3o acad\u00e9mica exigida, e outros documentos comprovativos do cumprimento dos requisitos.<br>Apenas ser\u00e3o contactados para entrevista de avalia\u00e7\u00e3o de compet\u00eancias, os candidatos cuja avalia\u00e7\u00e3o curricular demonstre o preenchimento dos requisitos m\u00ednimos obrigat\u00f3rios e, preferenciais, necess\u00e1rios para a fun\u00e7\u00e3o.<\/p>\n\n\n\n<p>O candidato(a) tem conhecimento que o tratamento dos seus dados pessoais ser\u00e1 feito com base no disposto na al\u00ednea b) do art. 6.\u00ba, n.\u00ba 1 do RGPD, limitado \u00e0 finalidade inerente \u00e0 sele\u00e7\u00e3o e recrutamento de trabalhador. A Associa\u00e7\u00e3o assegura o respeito por todos os deveres de tratamento de dados descorrentes do RGPD e da Lei de Execu\u00e7\u00e3o Nacional. Poder\u00e1, querendo, consultar a nossa pol\u00edtica de privacidade solicitando-a atrav\u00e9s do seguinte e-mail: <a href=\"mailto:dep.administrativofinanceiro@associacaomaceira.pt\">dep.administrativofinanceiro@associacaomaceira.pt<\/a> .<\/p>\n","protected":false},"excerpt":{"rendered":"<p>A Associa\u00e7\u00e3o de P.S.R.D.H. de Maceira, I.P.S.S., encontra-se a recrutar trabalhador, na \u00e1rea administrativa, para assegurar a fun\u00e7\u00e3o de Escritur\u00e1rio, com o intuito de desenvolver as seguintes tarefas: Examinar o correio recebido,<a class=\"moretag\" href=\"https:\/\/associacaomaceira.pt\/index.php\/2022\/04\/18\/anuncio-recrutamento-escriturario-a\/\">Read More&#8230;<\/a><\/p>\n","protected":false},"author":1,"featured_media":531,"comment_status":"closed","ping_status":"open","sticky":false,"template":"","format":"standard","meta":[],"categories":[4],"tags":[],"_links":{"self":[{"href":"https:\/\/associacaomaceira.pt\/index.php\/wp-json\/wp\/v2\/posts\/523"}],"collection":[{"href":"https:\/\/associacaomaceira.pt\/index.php\/wp-json\/wp\/v2\/posts"}],"about":[{"href":"https:\/\/associacaomaceira.pt\/index.php\/wp-json\/wp\/v2\/types\/post"}],"author":[{"embeddable":true,"href":"https:\/\/associacaomaceira.pt\/index.php\/wp-json\/wp\/v2\/users\/1"}],"replies":[{"embeddable":true,"href":"https:\/\/associacaomaceira.pt\/index.php\/wp-json\/wp\/v2\/comments?post=523"}],"version-history":[{"count":6,"href":"https:\/\/associacaomaceira.pt\/index.php\/wp-json\/wp\/v2\/posts\/523\/revisions"}],"predecessor-version":[{"id":540,"href":"https:\/\/associacaomaceira.pt\/index.php\/wp-json\/wp\/v2\/posts\/523\/revisions\/540"}],"wp:featuredmedia":[{"embeddable":true,"href":"https:\/\/associacaomaceira.pt\/index.php\/wp-json\/wp\/v2\/media\/531"}],"wp:attachment":[{"href":"https:\/\/associacaomaceira.pt\/index.php\/wp-json\/wp\/v2\/media?parent=523"}],"wp:term":[{"taxonomy":"category","embeddable":true,"href":"https:\/\/associacaomaceira.pt\/index.php\/wp-json\/wp\/v2\/categories?post=523"},{"taxonomy":"post_tag","embeddable":true,"href":"https:\/\/associacaomaceira.pt\/index.php\/wp-json\/wp\/v2\/tags?post=523"}],"curies":[{"name":"wp","href":"https:\/\/api.w.org\/{rel}","templated":true}]}}